{"id":9973,"date":"2024-11-04T11:58:13","date_gmt":"2024-11-04T14:58:13","guid":{"rendered":"https:\/\/www.ifbaiano.edu.br\/unidades\/valenca\/?p=9973"},"modified":"2024-12-13T11:17:28","modified_gmt":"2024-12-13T14:17:28","slug":"campus-valenca-publica-edital-paise-2024-2","status":"publish","type":"post","link":"https:\/\/www.ifbaiano.edu.br\/unidades\/valenca\/2024\/11\/04\/campus-valenca-publica-edital-paise-2024-2\/","title":{"rendered":"Campus Valen\u00e7a publica edital PAISE 2024.2"},"content":{"rendered":"\n<p>Inscri\u00e7\u00f5es para o Programa de Assist\u00eancia e Inclus\u00e3o Social do Estudante ficam abertas de 04 a 11 de novembro de 2024<\/p>\n\n\n\n<p>O Diretor-Geral do Instituto Federal de Educa\u00e7\u00e3o, Ci\u00eancia e Tecnologia Baiano, Campus Valen\u00e7a, nomeado sob Portaria N\u00ba 286, de 18\/03\/2022, no D.O.U. de 21\/03\/2022, de acordo com as disposi\u00e7\u00f5es da legisla\u00e7\u00e3o em vigor, e de acordo com as disposi\u00e7\u00f5es contidas na Lei n\u00ba 11.892, de 29\/12\/2008, e na Lei n\u00ba 8.112, de 11\/12\/1990, considerando ainda o Decreto n\u00b0 7.234\/2010 e a Resolu\u00e7\u00e3o N\u00ba 01, de 29 de janeiro de 2019, que institui a Pol\u00edtica de Assist\u00eancia Estudantil no \u00e2mbito do IF Baiano, torna p\u00fablico o presente Edital de Fluxo Cont\u00ednuo que estabelece as normas e crit\u00e9rios para sele\u00e7\u00e3o de estudantes em<br>vulnerabilidade socioecon\u00f4mica, de cursos presenciais e \u00e0 dist\u00e2ncia, com a finalidade de<br>participa\u00e7\u00e3o na Pol\u00edtica de Assist\u00eancia Estudantil deste Instituto, por meio do PAISE.<\/p>\n\n\n\n<figure class=\"wp-block-image size-full is-resized\"><img decoding=\"async\" loading=\"lazy\" src=\"https:\/\/www.ifbaiano.edu.br\/unidades\/valenca\/files\/2024\/11\/Copia-de-Paise-2024.1_20241104_114114_0000.jpg\" alt=\"\" class=\"wp-image-9974\" width=\"240\" height=\"301\" \/><\/figure>\n\n\n\n<p>Acesse o edital:<\/p>\n\n\n\n<div class=\"wp-block-file\"><a id=\"wp-block-file--media-d85ec21e-1de7-4c30-9929-a19f2009ad25\" href=\"https:\/\/www.ifbaiano.edu.br\/unidades\/valenca\/files\/2024\/12\/resultado-final-paise-20242.pdf\">resultado-final-paise-20242<\/a><\/div>\n\n\n\n<div class=\"wp-block-file\"><a id=\"wp-block-file--media-edee5b7b-1f2d-4866-8287-75aa5a6a0487\" href=\"https:\/\/www.ifbaiano.edu.br\/unidades\/valenca\/files\/2024\/12\/resultado-preliminar-paise-20242.pdf\">resultado-preliminar-paise-20242<\/a><\/div>\n\n\n\n<div class=\"wp-block-file\"><a id=\"wp-block-file--media-3dbd7469-7587-49cf-a14b-18365512c9f1\" href=\"https:\/\/www.ifbaiano.edu.br\/unidades\/valenca\/files\/2024\/11\/edital-paise-20242.pdf\">edital-paise-20242<\/a><\/div>\n","protected":false},"excerpt":{"rendered":"<p>Inscri\u00e7\u00f5es para o Programa de Assist\u00eancia e Inclus\u00e3o Social do Estudante ficam abertas de 04 a 11 de novembro de 2024 O Diretor-Geral do Instituto Federal de Educa\u00e7\u00e3o, Ci\u00eancia e Tecnologia Baiano, Campus Valen\u00e7a, nomeado sob Portaria N\u00ba 286, de 18\/03\/2022, no D.O.U. de 21\/03\/2022, de acordo com as disposi\u00e7\u00f5es da legisla\u00e7\u00e3o em vigor, e [&hellip;]<\/p>\n","protected":false},"author":171,"featured_media":9974,"comment_status":"open","ping_status":"open","sticky":true,"template":"","format":"standard","meta":[],"categories":[47,5],"tags":[],"_links":{"self":[{"href":"https:\/\/www.ifbaiano.edu.br\/unidades\/valenca\/wp-json\/wp\/v2\/posts\/9973"}],"collection":[{"href":"https:\/\/www.ifbaiano.edu.br\/unidades\/valenca\/wp-json\/wp\/v2\/posts"}],"about":[{"href":"https:\/\/www.ifbaiano.edu.br\/unidades\/valenca\/wp-json\/wp\/v2\/types\/post"}],"author":[{"embeddable":true,"href":"https:\/\/www.ifbaiano.edu.br\/unidades\/valenca\/wp-json\/wp\/v2\/users\/171"}],"replies":[{"embeddable":true,"href":"https:\/\/www.ifbaiano.edu.br\/unidades\/valenca\/wp-json\/wp\/v2\/comments?post=9973"}],"version-history":[{"count":3,"href":"https:\/\/www.ifbaiano.edu.br\/unidades\/valenca\/wp-json\/wp\/v2\/posts\/9973\/revisions"}],"predecessor-version":[{"id":10015,"href":"https:\/\/www.ifbaiano.edu.br\/unidades\/valenca\/wp-json\/wp\/v2\/posts\/9973\/revisions\/10015"}],"wp:featuredmedia":[{"embeddable":true,"href":"https:\/\/www.ifbaiano.edu.br\/unidades\/valenca\/wp-json\/wp\/v2\/media\/9974"}],"wp:attachment":[{"href":"https:\/\/www.ifbaiano.edu.br\/unidades\/valenca\/wp-json\/wp\/v2\/media?parent=9973"}],"wp:term":[{"taxonomy":"category","embeddable":true,"href":"https:\/\/www.ifbaiano.edu.br\/unidades\/valenca\/wp-json\/wp\/v2\/categories?post=9973"},{"taxonomy":"post_tag","embeddable":true,"href":"https:\/\/www.ifbaiano.edu.br\/unidades\/valenca\/wp-json\/wp\/v2\/tags?post=9973"}],"curies":[{"name":"wp","href":"https:\/\/api.w.org\/{rel}","templated":true}]}}