{"id":6734,"date":"2026-03-12T14:00:36","date_gmt":"2026-03-12T17:00:36","guid":{"rendered":"https:\/\/www.ifbaiano.edu.br\/unidades\/xique-xique\/?p=6734"},"modified":"2026-03-12T14:00:37","modified_gmt":"2026-03-12T17:00:37","slug":"geni-promove-semana-de-combate-a-violencia-contra-a-mulher-no-campus-xique-xique","status":"publish","type":"post","link":"https:\/\/www.ifbaiano.edu.br\/unidades\/xique-xique\/2026\/03\/12\/geni-promove-semana-de-combate-a-violencia-contra-a-mulher-no-campus-xique-xique\/","title":{"rendered":"GENI promove Semana de Combate \u00e0 Viol\u00eancia Contra a Mulher no Campus Xique-Xique"},"content":{"rendered":"\n<p>O N\u00facleo de Estudos de G\u00eanero e Sexualidade (GENI) do IF Baiano Campus Xique-Xique convida toda a comunidade escolar, servidores e o p\u00fablico externo para a Semana de Combate \u00e0 Viol\u00eancia Contra a Mulher, que ocorrer\u00e1 entre os dias 16 e&nbsp;20 de mar\u00e7o.<\/p>\n\n\n\n<p>Com o lema &#8220;O sil\u00eancio n\u00e3o protege, a educa\u00e7\u00e3o liberta!&#8221;, o evento busca transformar o ambiente acad\u00eamico em um espa\u00e7o de reflex\u00e3o cr\u00edtica, acolhimento e fortalecimento das redes de prote\u00e7\u00e3o \u00e0 mulher. A programa\u00e7\u00e3o conta com parcerias fundamentais, como a Secretaria da Mulher, Inf\u00e2ncia e Juventude de Xique-Xique (Sala Girassol) e o Gr\u00eamio Estudantil Flor de Xique-Xique.<\/p>\n\n\n\n<p>Destaques da Programa\u00e7\u00e3o:<\/p>\n\n\n\n<p>Exposi\u00e7\u00f5es Permanentes: Painel &#8220;Mulheres Extraordin\u00e1rias&#8221;, mostra liter\u00e1ria na biblioteca e cartazes sobre feminismo.<br>A\u00e7\u00f5es Educativas (17 e 18\/03): Palestras sobre a Lei Maria da Penha e distribui\u00e7\u00e3o de cartilhas de acolhimento produzidas pelos pr\u00f3prios discentes.<br>Cultura e Di\u00e1logo: Apresenta\u00e7\u00e3o de Dona Dadinha, rodas de conversa sobre protocolos de seguran\u00e7a no campus e Cine-debate na UNEB.<br>Pr\u00e1tica e Defesa (20\/03): Aula de defesa pessoal no Centro de Treinamento Andr\u00e9 Batista.<\/p>\n\n\n\n<p>Acreditamos que a educa\u00e7\u00e3o \u00e9 a ferramenta mais poderosa para a emancipa\u00e7\u00e3o e para a garantia de direitos. Participe e ajude a construir uma sociedade mais segura para todas as pessoas.<\/p>\n\n\n\n<p>Servi\u00e7o:<\/p>\n\n\n\n<p>Evento: Semana de Combate \u00e0 Viol\u00eancia Contra a Mulher<br>Data: 16 a\u00a020 de mar\u00e7o<br>Local: IF Baiano Campus Xique-Xique, UNEB e locais parceiros.<\/p>\n\n\n\n<figure class=\"wp-block-image size-large is-resized\"><img decoding=\"async\" loading=\"lazy\" src=\"https:\/\/www.ifbaiano.edu.br\/unidades\/xique-xique\/files\/2026\/03\/4448-SemanaCombate1-1024x1024.webp\" alt=\"\" class=\"wp-image-6732\" width=\"768\" height=\"768\" srcset=\"https:\/\/www.ifbaiano.edu.br\/unidades\/xique-xique\/files\/2026\/03\/4448-SemanaCombate1-1024x1024.webp 1024w, https:\/\/www.ifbaiano.edu.br\/unidades\/xique-xique\/files\/2026\/03\/4448-SemanaCombate1-300x300.webp 300w, https:\/\/www.ifbaiano.edu.br\/unidades\/xique-xique\/files\/2026\/03\/4448-SemanaCombate1-150x150.webp 150w, https:\/\/www.ifbaiano.edu.br\/unidades\/xique-xique\/files\/2026\/03\/4448-SemanaCombate1-768x768.webp 768w, https:\/\/www.ifbaiano.edu.br\/unidades\/xique-xique\/files\/2026\/03\/4448-SemanaCombate1-100x100.webp 100w, https:\/\/www.ifbaiano.edu.br\/unidades\/xique-xique\/files\/2026\/03\/4448-SemanaCombate1.webp 1080w\" sizes=\"(max-width: 768px) 100vw, 768px\" \/><\/figure>\n\n\n\n<figure class=\"wp-block-image size-large is-resized\"><img decoding=\"async\" loading=\"lazy\" src=\"https:\/\/www.ifbaiano.edu.br\/unidades\/xique-xique\/files\/2026\/03\/4445-SemanaCombate2-1024x1024.webp\" alt=\"\" class=\"wp-image-6730\" width=\"768\" height=\"768\" srcset=\"https:\/\/www.ifbaiano.edu.br\/unidades\/xique-xique\/files\/2026\/03\/4445-SemanaCombate2-1024x1024.webp 1024w, https:\/\/www.ifbaiano.edu.br\/unidades\/xique-xique\/files\/2026\/03\/4445-SemanaCombate2-300x300.webp 300w, https:\/\/www.ifbaiano.edu.br\/unidades\/xique-xique\/files\/2026\/03\/4445-SemanaCombate2-150x150.webp 150w, https:\/\/www.ifbaiano.edu.br\/unidades\/xique-xique\/files\/2026\/03\/4445-SemanaCombate2-768x768.webp 768w, https:\/\/www.ifbaiano.edu.br\/unidades\/xique-xique\/files\/2026\/03\/4445-SemanaCombate2-100x100.webp 100w, https:\/\/www.ifbaiano.edu.br\/unidades\/xique-xique\/files\/2026\/03\/4445-SemanaCombate2.webp 1080w\" sizes=\"(max-width: 768px) 100vw, 768px\" \/><\/figure>\n\n\n\n<figure class=\"wp-block-image size-large is-resized\"><img decoding=\"async\" loading=\"lazy\" src=\"https:\/\/www.ifbaiano.edu.br\/unidades\/xique-xique\/files\/2026\/03\/4447-SemanaCombate3-1024x1024.webp\" alt=\"\" class=\"wp-image-6731\" width=\"768\" height=\"768\" srcset=\"https:\/\/www.ifbaiano.edu.br\/unidades\/xique-xique\/files\/2026\/03\/4447-SemanaCombate3-1024x1024.webp 1024w, https:\/\/www.ifbaiano.edu.br\/unidades\/xique-xique\/files\/2026\/03\/4447-SemanaCombate3-300x300.webp 300w, https:\/\/www.ifbaiano.edu.br\/unidades\/xique-xique\/files\/2026\/03\/4447-SemanaCombate3-150x150.webp 150w, https:\/\/www.ifbaiano.edu.br\/unidades\/xique-xique\/files\/2026\/03\/4447-SemanaCombate3-768x768.webp 768w, https:\/\/www.ifbaiano.edu.br\/unidades\/xique-xique\/files\/2026\/03\/4447-SemanaCombate3-100x100.webp 100w, https:\/\/www.ifbaiano.edu.br\/unidades\/xique-xique\/files\/2026\/03\/4447-SemanaCombate3.webp 1080w\" sizes=\"(max-width: 768px) 100vw, 768px\" \/><\/figure>\n\n\n\n<figure class=\"wp-block-image size-large is-resized\"><img decoding=\"async\" loading=\"lazy\" src=\"https:\/\/www.ifbaiano.edu.br\/unidades\/xique-xique\/files\/2026\/03\/4449-SemanaCombate4-1024x1024.webp\" alt=\"\" class=\"wp-image-6733\" width=\"768\" height=\"768\" srcset=\"https:\/\/www.ifbaiano.edu.br\/unidades\/xique-xique\/files\/2026\/03\/4449-SemanaCombate4-1024x1024.webp 1024w, https:\/\/www.ifbaiano.edu.br\/unidades\/xique-xique\/files\/2026\/03\/4449-SemanaCombate4-300x300.webp 300w, https:\/\/www.ifbaiano.edu.br\/unidades\/xique-xique\/files\/2026\/03\/4449-SemanaCombate4-150x150.webp 150w, https:\/\/www.ifbaiano.edu.br\/unidades\/xique-xique\/files\/2026\/03\/4449-SemanaCombate4-768x768.webp 768w, https:\/\/www.ifbaiano.edu.br\/unidades\/xique-xique\/files\/2026\/03\/4449-SemanaCombate4-100x100.webp 100w, https:\/\/www.ifbaiano.edu.br\/unidades\/xique-xique\/files\/2026\/03\/4449-SemanaCombate4.webp 1080w\" sizes=\"(max-width: 768px) 100vw, 768px\" \/><\/figure>\n","protected":false},"excerpt":{"rendered":"<p>O N\u00facleo de Estudos de G\u00eanero e Sexualidade (GENI) do IF Baiano Campus Xique-Xique convida toda a comunidade escolar, servidores e o p\u00fablico externo para a Semana de Combate \u00e0 Viol\u00eancia Contra a Mulher, que ocorrer\u00e1 entre os dias 16 e&nbsp;20 de mar\u00e7o. Com o lema &#8220;O sil\u00eancio n\u00e3o protege, a educa\u00e7\u00e3o liberta!&#8221;, o evento [&hellip;]<\/p>\n","protected":false},"author":132,"featured_media":6732,"comment_status":"open","ping_status":"open","sticky":true,"template":"","format":"standard","meta":[],"categories":[9,1,10],"tags":[],"_links":{"self":[{"href":"https:\/\/www.ifbaiano.edu.br\/unidades\/xique-xique\/wp-json\/wp\/v2\/posts\/6734"}],"collection":[{"href":"https:\/\/www.ifbaiano.edu.br\/unidades\/xique-xique\/wp-json\/wp\/v2\/posts"}],"about":[{"href":"https:\/\/www.ifbaiano.edu.br\/unidades\/xique-xique\/wp-json\/wp\/v2\/types\/post"}],"author":[{"embeddable":true,"href":"https:\/\/www.ifbaiano.edu.br\/unidades\/xique-xique\/wp-json\/wp\/v2\/users\/132"}],"replies":[{"embeddable":true,"href":"https:\/\/www.ifbaiano.edu.br\/unidades\/xique-xique\/wp-json\/wp\/v2\/comments?post=6734"}],"version-history":[{"count":1,"href":"https:\/\/www.ifbaiano.edu.br\/unidades\/xique-xique\/wp-json\/wp\/v2\/posts\/6734\/revisions"}],"predecessor-version":[{"id":6736,"href":"https:\/\/www.ifbaiano.edu.br\/unidades\/xique-xique\/wp-json\/wp\/v2\/posts\/6734\/revisions\/6736"}],"wp:featuredmedia":[{"embeddable":true,"href":"https:\/\/www.ifbaiano.edu.br\/unidades\/xique-xique\/wp-json\/wp\/v2\/media\/6732"}],"wp:attachment":[{"href":"https:\/\/www.ifbaiano.edu.br\/unidades\/xique-xique\/wp-json\/wp\/v2\/media?parent=6734"}],"wp:term":[{"taxonomy":"category","embeddable":true,"href":"https:\/\/www.ifbaiano.edu.br\/unidades\/xique-xique\/wp-json\/wp\/v2\/categories?post=6734"},{"taxonomy":"post_tag","embeddable":true,"href":"https:\/\/www.ifbaiano.edu.br\/unidades\/xique-xique\/wp-json\/wp\/v2\/tags?post=6734"}],"curies":[{"name":"wp","href":"https:\/\/api.w.org\/{rel}","templated":true}]}}